{"id":6771,"date":"2026-03-05T17:07:06","date_gmt":"2026-03-05T17:07:06","guid":{"rendered":"https:\/\/cabtutela.it\/ita\/?p=6771"},"modified":"2026-03-05T17:07:06","modified_gmt":"2026-03-05T17:07:06","slug":"guerra-in-iran-stangata-sulle-bollette-166-euro-in-piu-per-luce-e-gas-i-dati","status":"publish","type":"post","link":"https:\/\/cabtutela.it\/ita\/guerra-in-iran-stangata-sulle-bollette-166-euro-in-piu-per-luce-e-gas-i-dati\/","title":{"rendered":"Guerra in Iran, stangata sulle bollette: 166 euro in pi\u00f9 per luce e gas. I dati"},"content":{"rendered":"<p>Ammontano a 121 euro per la bolletta del gas e 45 euro per quella dell&#8217;energia elettrica gli aumenti previsti dagli analisti di Facile.it per le bollette delle famiglie italiane a causa del conflitto in corso in Iran. Ecco cosa sapere<\/p>\n<p>I calcoli<br \/>\nIl calcolo, effettuato considerando le stime di PUN (prezzo unico nazionale) e PSV (Punto di Scambio Virtuale) per i prossimi 12 mesi, porta il conto complessivo a 2.593 euro nell&#8217;anno, pari al 7% in pi\u00f9 rispetto ai 2.427 euro previsti per il 2026 prima che scoppiasse il conflitto. I consumi sui quali sono stati fatti i calcoli (che corrispondono a quelli della famiglia tipo italiana) sono 2.700 kWh per l&#8217;energia elettrica e 1.400 SmC per il gas. &#8220;L&#8217;impatto sar\u00e0 per chi ha un contratto con tariffa indicizzata, i consumatori che, invece, hanno una tariffa fissa, non subiranno aumenti fino, almeno, alla scadenza del contratto attualmente attivo&#8221;, spiegano gli analisti di Facile.it.<\/p>\n<p>Vola il prezzo del gas<br \/>\nNelle ultime ore \u00e8 volato soprattutto il prezzo del gas, che sfonda la soglia dei 60 euro al megawattora, ai massimi da agosto del 2022. Un balzo, secondo gli analisti, dovuto all&#8217;incertezza sulla durata del blocco delle esportazioni dal pi\u00f9 grande impianto di Gnl al mondo in Qatar ed il suo impatto sulle forniture mondiali. Questo mentre la Cina, numero uno mondiale delle importazioni di gas naturale liquefatto fa pressioni per farlo ripartire e per riaprire lo stretto di Hormuz. Ad Amsterdam le quotazioni guadagnano il 41% a 63,49 euro al megawattora.<\/p>\n<p>Le forniture dell\u2019Unione europea<br \/>\nL&#8217;Unione europea dipende per quasi il 70% nelle forniture di gas naturale liquefatto (Gnl) da Stati Uniti e Norvegia. \u00c8 quanto emerge dai dati della Commissione europea a fine gennaio, dove si evince che le forniture dagli Usa sono state pari a 8 miliardi di metri cubi, pari al 64% (erano state il 58% nel 2025), e dalla Norvegia a 1 miliardo pari al 5% (come nell&#8217;intero 2025). Da quanto trapela a Bruxelles il focus principale dell&#8217;esecutivo comunitario rispetto alla situazione in Medio Oriente non \u00e8 tanto, dunque, sulle forniture quanto sul possibile impatto sui prezzi. Gi\u00e0 ieri la Commissione ha formalmente escluso di vedere un rischio per le forniture energetiche europee. Tornando ai dati a fine gennaio, dal Qatar \u00e8 arrivato il 4% delle forniture (8% in tutto il 2025), dalla Nigeria il 5% (invariato dal 2025). Il Gnl russo pesa al momento per il 17% (2 miliardi di metri cubi di gas), dopo il 13% dell&#8217;intero 2025.<\/p>\n<p>Qatar Energy ferma le sue attivit\u00e0<br \/>\nQatar Energy ferma diverse attivit\u00e0 di trasformazione di idrocarburi. Lo si legge in una nota che segue lo stop della produzione di gas naturale liquefatto. Tra i prodotti coinvolti dal fermo figurano l&#8217;urea, i polimeri, il metanolo e l&#8217;alluminio, che richiede un processo di elettrolisi. Il gruppo afferma di voler &#8220;valorizzare le proprie relazioni con tutti gli stakeholder&#8221; aggiornandoli con le pi\u00f9 recenti le informazioni disponibili.<\/p>\n<p>Confindustria: \u201cPrezzi energia volatili fino a rientro tensioni\u201d<br \/>\nCon l&#8217;attacco all&#8217;Iran, &#8220;prevediamo di nuovo una elevata volatilit\u00e0 dei prezzi dell&#8217;energia fino a quando le tensioni non saranno rientrate&#8221;, ha dichiarato il delegato del presidente di Confindustria per l&#8217;Energia, Aurelio Regina, in un&#8217;audizione sul dl bollette alla X commissione della Camera. &#8220;\u00c8 fondamentale mettere al centro la competitivit\u00e0 e la sicurezza&#8221; Ue e &#8220;il fattore energia \u00e8 cruciale e, oggi pi\u00f9 che mai, serve assicurarne gli approvvigionamenti ed evitare oneri che minano la competitivit\u00e0 come l&#8217;Ets&#8221;, ha aggiunto Regina chiedendo un&#8217;approvazione in tempi brevissimi&#8221; del decreto e &#8220;un coordinamento per fronteggiare emergenze&#8221;.<\/p>\n<p>Arera: \u201cMonitoriamo il mercato del gas, riunioni giornaliere\u201d<br \/>\n&#8220;I futures del gas sono in aumento, Arera sta monitorando e controllando questa cosa anche con riunioni sistematiche giornaliere. Saremo i primi quando avremo dati chiari e certi, vi terremo informati e diremo quali sono i nostri principali scenari&#8221;, ha affermato il presidente dell&#8217;Arera (Autorit\u00e0 di regolazione per energia reti e ambiente), Nicola Dell&#8217;Acqua, rispondendo alle domande dei parlamentari in un&#8217;audizione sul dl Bollette alla X Commissione della Camera. &#8220;Se la tensione dovesse perdurare o addirittura inasprirsi predisporremo una segnalazione con carattere di urgenza in modo che si possa dare una mano a definire eventuali misure emergenziali&#8221;, ha aggiunto una rappresentante della delegazione.<\/p>\n<p>Articolo: <a href=\"https:\/\/tg24.sky.it\/economia\/2026\/03\/04\/guerra-iran-bollette-luce-gas-aumenti?card=5\">tg24sky.it<\/a><\/p>\n","protected":false},"excerpt":{"rendered":"<p>Ammontano a 121 euro per la bolletta del gas e 45 euro per quella dell&#8217;energia elettrica gli aumenti previsti dagli analisti di Facile.it per&#8230;<\/p>\n","protected":false},"author":2,"featured_media":5410,"comment_status":"open","ping_status":"open","sticky":false,"template":"","format":"standard","meta":{"_acf_changed":false,"footnotes":""},"categories":[1],"tags":[48,66,233,68,152],"class_list":["post-6771","post","type-post","status-publish","format-standard","has-post-thumbnail","hentry","category-uncategorized","tag-bollette","tag-gas","tag-guerra","tag-luce","tag-rincari"],"acf":[],"_links":{"self":[{"href":"https:\/\/cabtutela.it\/ita\/wp-json\/wp\/v2\/posts\/6771","targetHints":{"allow":["GET"]}}],"collection":[{"href":"https:\/\/cabtutela.it\/ita\/wp-json\/wp\/v2\/posts"}],"about":[{"href":"https:\/\/cabtutela.it\/ita\/wp-json\/wp\/v2\/types\/post"}],"author":[{"embeddable":true,"href":"https:\/\/cabtutela.it\/ita\/wp-json\/wp\/v2\/users\/2"}],"replies":[{"embeddable":true,"href":"https:\/\/cabtutela.it\/ita\/wp-json\/wp\/v2\/comments?post=6771"}],"version-history":[{"count":1,"href":"https:\/\/cabtutela.it\/ita\/wp-json\/wp\/v2\/posts\/6771\/revisions"}],"predecessor-version":[{"id":6772,"href":"https:\/\/cabtutela.it\/ita\/wp-json\/wp\/v2\/posts\/6771\/revisions\/6772"}],"wp:featuredmedia":[{"embeddable":true,"href":"https:\/\/cabtutela.it\/ita\/wp-json\/wp\/v2\/media\/5410"}],"wp:attachment":[{"href":"https:\/\/cabtutela.it\/ita\/wp-json\/wp\/v2\/media?parent=6771"}],"wp:term":[{"taxonomy":"category","embeddable":true,"href":"https:\/\/cabtutela.it\/ita\/wp-json\/wp\/v2\/categories?post=6771"},{"taxonomy":"post_tag","embeddable":true,"href":"https:\/\/cabtutela.it\/ita\/wp-json\/wp\/v2\/tags?post=6771"}],"curies":[{"name":"wp","href":"https:\/\/api.w.org\/{rel}","templated":true}]}}