{"id":6731,"date":"2026-01-03T17:40:43","date_gmt":"2026-01-03T17:40:43","guid":{"rendered":"https:\/\/cabtutela.it\/ita\/?p=6731"},"modified":"2026-01-03T17:42:08","modified_gmt":"2026-01-03T17:42:08","slug":"bollette-della-luce-scende-del-27-per-i-vulnerabili-calo-positivo-ma-non-basta","status":"publish","type":"post","link":"https:\/\/cabtutela.it\/ita\/bollette-della-luce-scende-del-27-per-i-vulnerabili-calo-positivo-ma-non-basta\/","title":{"rendered":"Bollette della luce scende del 2,7% per i vulnerabili: \u201cCalo positivo, ma non basta\u201d"},"content":{"rendered":"<p>Il calo del 2,7% della bolletta elettrica nel primo trimestre 2026 per i clienti vulnerabili in Maggior Tutela \u00e8 una notizia positiva, ma non sufficiente a rassicurare milioni di famiglie. Lo afferma Assoutenti. I dati Arera confermano infatti che, nel periodo compreso fra il 1\u00b0 aprile 2025 e il 31 marzo 2026, la spesa resta comunque pi\u00f9 alta di oltre il 13% rispetto all\u2019anno precedente, segno di una fragilit\u00e0 strutturale del sistema dei prezzi dell\u2019energia.<\/p>\n<p>\u201c\u00c8 fondamentale che i clienti vulnerabili siano pienamente informati del diritto a rientrare nel regime di Maggior Tutela, perch\u00e9 solo cos\u00ec possono beneficiare di condizioni pi\u00f9 trasparenti e controllate. Allo stesso tempo chiediamo al Governo e al regolatore interventi strutturali sugli oneri di sistema e sulla fiscalit\u00e0 energetica, che continuano a pesare in modo significativo sulle bollette\u201d \u2013 afferma il presidente Gabriele Melluso. Assoutenti desidera rivolgere un ringraziamento al Presidente uscente di Arera, Stefano Besseghini, per aver instaurato una prassi corretta e trasparente sull\u2019aggiornamento periodico e confronto strutturato con le Associazioni dei Consumatori, che ha rappresentato un presidio concreto di tutela e partecipazione. Una prassi che non pu\u00f2 essere considerata facoltativa, ma che costituisce un obbligo istituzionale di trasparenza e responsabilit\u00e0 pubblica, e che i futuri vertici dell\u2019Autorit\u00e0 dovranno necessariamente mantenere e rafforzare. \u201cLa tutela dei consumatori pi\u00f9 deboli non pu\u00f2 essere affidata a interventi episodici o a semplici aggiustamenti trimestrali: deve diventare un asse portante e non negoziabile delle politiche energetiche del Paese\u201d \u2013 conclude Melluso.<\/p>\n<p>Articolo: <a href=\"https:\/\/www.borderline24.com\/2026\/01\/03\/bollette-della-luce-in-calo-del-27-per-i-vulnerabili-calo-positivo-ma-non-basta\/?fbclid=IwY2xjawPGMuhleHRuA2FlbQIxMQBicmlkETExQ2d0TFFpMkhXZk00MVFzc3J0YwZhcHBfaWQQMjIyMDM5MTc4ODIwMDg5MgABHrhK27w7U2KDIvi0Rik1UQo-6fF6phgwms-942ShRZt4IBVduYUYM3rRFK8L_aem_KpYS5HcvYLtedHXdHae87Q\">Borderline24.com<\/a><\/p>\n","protected":false},"excerpt":{"rendered":"<p>Il calo del 2,7% della bolletta elettrica nel primo trimestre 2026 per i clienti vulnerabili in Maggior Tutela \u00e8 una notizia positiva, ma non&#8230;<\/p>\n","protected":false},"author":2,"featured_media":5422,"comment_status":"open","ping_status":"open","sticky":false,"template":"","format":"standard","meta":{"_acf_changed":false,"footnotes":""},"categories":[44],"tags":[73,228,66],"class_list":["post-6731","post","type-post","status-publish","format-standard","has-post-thumbnail","hentry","category-notizie","tag-arera","tag-bollette-luce","tag-gas"],"acf":[],"_links":{"self":[{"href":"https:\/\/cabtutela.it\/ita\/wp-json\/wp\/v2\/posts\/6731","targetHints":{"allow":["GET"]}}],"collection":[{"href":"https:\/\/cabtutela.it\/ita\/wp-json\/wp\/v2\/posts"}],"about":[{"href":"https:\/\/cabtutela.it\/ita\/wp-json\/wp\/v2\/types\/post"}],"author":[{"embeddable":true,"href":"https:\/\/cabtutela.it\/ita\/wp-json\/wp\/v2\/users\/2"}],"replies":[{"embeddable":true,"href":"https:\/\/cabtutela.it\/ita\/wp-json\/wp\/v2\/comments?post=6731"}],"version-history":[{"count":2,"href":"https:\/\/cabtutela.it\/ita\/wp-json\/wp\/v2\/posts\/6731\/revisions"}],"predecessor-version":[{"id":6733,"href":"https:\/\/cabtutela.it\/ita\/wp-json\/wp\/v2\/posts\/6731\/revisions\/6733"}],"wp:featuredmedia":[{"embeddable":true,"href":"https:\/\/cabtutela.it\/ita\/wp-json\/wp\/v2\/media\/5422"}],"wp:attachment":[{"href":"https:\/\/cabtutela.it\/ita\/wp-json\/wp\/v2\/media?parent=6731"}],"wp:term":[{"taxonomy":"category","embeddable":true,"href":"https:\/\/cabtutela.it\/ita\/wp-json\/wp\/v2\/categories?post=6731"},{"taxonomy":"post_tag","embeddable":true,"href":"https:\/\/cabtutela.it\/ita\/wp-json\/wp\/v2\/tags?post=6731"}],"curies":[{"name":"wp","href":"https:\/\/api.w.org\/{rel}","templated":true}]}}