{"id":5362,"date":"2020-04-16T09:19:12","date_gmt":"2020-04-16T07:19:12","guid":{"rendered":"https:\/\/cabtutela.it\/?p=5362"},"modified":"2020-04-16T09:19:12","modified_gmt":"2020-04-16T07:19:12","slug":"comunicato-stampa-dalla-strada-alla-digitalizzazione-di-imprese-e-professionisti","status":"publish","type":"post","link":"https:\/\/cabtutela.it\/ita\/comunicato-stampa-dalla-strada-alla-digitalizzazione-di-imprese-e-professionisti\/","title":{"rendered":"Comunicato stampa: Dalla strada alla digitalizzazione di imprese e professionisti"},"content":{"rendered":"<div class=\"gmail_default\" style=\"text-align: justify;\">Da diversi anni sul territorio il CAB (Centro Assistenza Bollette) si \u00e8 da sempre posto l&#8217;obiettivo di offrire assistenza, risparmio e tutela al cittadino. Questo servizio \u00e8 stato esteso anche ai vari possessori di partita iva poich\u00e9 anche loro hanno trovato in CAB un faro e un luogo dove trovare informazioni e assistenza. Oggi pi\u00f9 di ieri e con lo sguardo proiettato al futuro, sentiamo il dovere di\u00a0<b>ASSISTERE<\/b>\u00a0tutti e in particolar modo le attivit\u00e0 commerciali (piccolissime, piccole, medie, grandi o liberi professionisti) delle nostre comunit\u00e0 cittadine offrendo un&#8217;opportunit\u00e0 di rilancio economico importante attraverso\u00a0<b>UNA VETRINA DIGITALE.<\/b><\/div>\n<div class=\"gmail_quote\">\n<div dir=\"ltr\">\n<div>\n<div style=\"text-align: justify;\"><\/div>\n<div style=\"text-align: justify;\"><b>In cosa consiste la vetrina digitale?<\/b>\u00a0E&#8217; a tutti gli effetti una riproduzione di quella che \u00e8 l&#8217;attivit\u00e0 di ogni impresa, ma su una piattaforma digitale, consentendo ai clienti di usufruire di tutti i servizi di sempre senza costringerlo -nel periodo di ridotta mobilit\u00e0 in cui stiamo vivendo- a &#8220;tradire la fiducia&#8221; di quello che \u00e8 il negoziante del cuore, sostituendolo con altre aziende gi\u00e0 pronte digitalmente ad offrire i propri prodotti e\/o servizi. Questo garantisce la sussistenza delle economie delle comunit\u00e0 cittadine, gi\u00e0 fin troppo provate dai danni del coronavirus e allo stesso tempo permette a tutti gli imprenditori di rilanciare la propria attivit\u00e0 in maniera avanguardistica, proiettandosi con fiducia e sicurezza nel futuro.<\/div>\n<div style=\"text-align: justify;\">Un modo quindi per continuare a restare sul mercato, riducendo le perdite, movimentando il magazzino e venendo incontro alle esigenze di tutti coloro che, restando a casa, possono con un click acquistare i prodotti dai loro negozi di fiducia. Un servizio che pu\u00f2 continuare anche in seguito, perch\u00e9 con il web \u00e8 possibile raggiungere una platea ancora pi\u00f9 ampia di clienti.<\/div>\n<div style=\"text-align: justify;\"><\/div>\n<div style=\"text-align: justify;\"><b>Perch\u00e9 scegliere Cab<\/b>. Da diversi anni Cab con il suo servizio esclusivo, lotta a favore della tutela del cittadino e dei professionisti, garantendo soluzioni e ottimizzazione di costi. Oggi, in questo particolare momento storico che stiamo attraversando, siamo proiettati al futuro ed alla ripartenza economica di tutti i nostri clienti, in prevalenza siamo di supporto a tutti i commercianti, aziende e liberi professionisti della nostra comunit\u00e0.\u00a0 La\u00a0 vetrina digitale \u00e8 la soluzione ideale per evitare assembramenti. Il futuro \u00e8 digitale, il futuro siamo noi, insieme, collaborando e restando uniti, andr\u00e0 tutto bene.<\/div>\n<\/div>\n<\/div>\n<\/div>\n<div><\/div>\n<div>Per informazioni o assistenza: 389 7871888 | www.cabtutela.it | info@cabtutela.it<\/div>\n","protected":false},"excerpt":{"rendered":"<p>Da diversi anni sul territorio il CAB (Centro Assistenza Bollette) si \u00e8 da sempre posto l&#8217;obiettivo di offrire assistenza, risparmio e tutela al cittadino&#8230;.<\/p>\n","protected":false},"author":1,"featured_media":5363,"comment_status":"open","ping_status":"open","sticky":false,"template":"","format":"standard","meta":{"_acf_changed":false,"footnotes":""},"categories":[44],"tags":[],"class_list":["post-5362","post","type-post","status-publish","format-standard","has-post-thumbnail","hentry","category-notizie"],"acf":[],"_links":{"self":[{"href":"https:\/\/cabtutela.it\/ita\/wp-json\/wp\/v2\/posts\/5362","targetHints":{"allow":["GET"]}}],"collection":[{"href":"https:\/\/cabtutela.it\/ita\/wp-json\/wp\/v2\/posts"}],"about":[{"href":"https:\/\/cabtutela.it\/ita\/wp-json\/wp\/v2\/types\/post"}],"author":[{"embeddable":true,"href":"https:\/\/cabtutela.it\/ita\/wp-json\/wp\/v2\/users\/1"}],"replies":[{"embeddable":true,"href":"https:\/\/cabtutela.it\/ita\/wp-json\/wp\/v2\/comments?post=5362"}],"version-history":[{"count":0,"href":"https:\/\/cabtutela.it\/ita\/wp-json\/wp\/v2\/posts\/5362\/revisions"}],"wp:featuredmedia":[{"embeddable":true,"href":"https:\/\/cabtutela.it\/ita\/wp-json\/wp\/v2\/media\/5363"}],"wp:attachment":[{"href":"https:\/\/cabtutela.it\/ita\/wp-json\/wp\/v2\/media?parent=5362"}],"wp:term":[{"taxonomy":"category","embeddable":true,"href":"https:\/\/cabtutela.it\/ita\/wp-json\/wp\/v2\/categories?post=5362"},{"taxonomy":"post_tag","embeddable":true,"href":"https:\/\/cabtutela.it\/ita\/wp-json\/wp\/v2\/tags?post=5362"}],"curies":[{"name":"wp","href":"https:\/\/api.w.org\/{rel}","templated":true}]}}