{"id":5335,"date":"2020-03-27T11:15:53","date_gmt":"2020-03-27T10:15:53","guid":{"rendered":"https:\/\/cabtutela.it\/?p=5335"},"modified":"2020-03-27T11:15:53","modified_gmt":"2020-03-27T10:15:53","slug":"bollette-meno-care-da-aprile-183-per-la-luce-e-135-per-il-gas-sale-a-15-miliardi-il-conto-covid","status":"publish","type":"post","link":"https:\/\/cabtutela.it\/ita\/bollette-meno-care-da-aprile-183-per-la-luce-e-135-per-il-gas-sale-a-15-miliardi-il-conto-covid\/","title":{"rendered":"Bollette meno care da aprile: -18,3% per la luce e -13,5% per il gas. Sale a 1,5 miliardi il conto Covid"},"content":{"rendered":"<p>Calano le <strong>bollette di luce e gas<\/strong> per gli utenti serviti in maggior tutela. Secondo il consueto aggiornamento fornito dall\u2019Autorit\u00e0 per l\u2019energia, le reti e l\u2019ambiente (Arera), nel secondo trimestre dell\u2019anno la riduzione sar\u00e0 di -18,3% per l\u2019elettricit\u00e0 e del -13,5% per il gas per la famiglia tipo in tutela. La contrazione \u00e8 dovuta, da un lato, alle basse quotazioni delle materie prime nei mercati all\u2019ingrosso, anche per via di una netta riduzione dei consumi provocata dall\u2019emergenza coronavirus, e, dall\u2019altro, da una sostanziale stabilit\u00e0 nel fabbisogno degli oneri generali di sistema.<\/p>\n<p><strong>Besseghini: la priorit\u00e0 \u00e8 garantire la continuit\u00e0 dei servizi<br \/>\n<\/strong>\u00abMai come in questo momento &#8211; commenta il presidente dell\u2019Arera, Stefano Besseghini, \u00e8 evidente la complessit\u00e0 dei legami del sistema energetico. La buona notizia della riduzione dei prezzi per i consumatori \u00e8 il riflesso di un rallentamento globale dell\u2019economia. Su questo labile equilibrio, le istituzioni i governi e le Autorit\u00e0 di regolazione devono operare, durante questa emergenza, per garantire continuit\u00e0 dei servizi e sostegno ai cittadini, senza compromettere la tenuta del sistema. Dal canto loro, anche i cittadini mantenendo la regolarit\u00e0 dei pagamenti, in un momento come questo, stanno gi\u00e0 contribuendo con un importante atto di solidariet\u00e0\u00bb.<\/p>\n<p><strong>L\u2019esborso annuo per la famiglia tipo in tutela<\/strong><br \/>\nTornando ai numeri, ecco gli effetti sulle famiglie: per l\u2019elettricit\u00e0 la spesa per la famiglia tipo nel cosiddetto anno \u201cscorrevole\u201d (compreso tra il 1\u00b0 luglio 2019 e il 30 giugno 2020) sar\u00e0 di 521 euro, con una variazione del -7,9% rispetto ai 12 mesi equivalenti dell\u2019anno prima, corrispondente a un risparmio di circa 45 euro l\u2019anno. Nello stesso periodo, la spesa della famiglia tipo per la bolletta gas sar\u00e0 di circa 1.019 euro, con uno scarto del -12% rispetto ai 12 mesi equivalenti dell\u2019anno prima, in pratica un risparmio di circa 139 euro annui. Rispetto all\u2019anno scorrevole, quindi, il risparmio complessivo per la famiglia tipo per luce e gas sar\u00e0 di 184 euro l\u2019anno.<\/p>\n<p><strong>Il calo della spesa per le materie prime<\/strong><br \/>\nPer l\u2019energia elettrica, la riduzione finale \u00e8 determinata dal forte calo dei costi dell\u2019elettricit\u00e0, -18,3% sulla spesa della famiglia tipo in maggior tutela, mentre restano invariati gli oneri generali e le tariffe regolate di rete (trasmissione, distribuzione e misura). Quanto al gas, l\u2019andamento \u00e8 determinato da un forte calo della spesa per la materia prima (-12,4% sulla spesa della famiglia tipo) legata alle quotazioni attese nei mercati all\u2019ingrosso nel prossimo trimestre, a cui si somma il calo delle tariffe regolate di trasporto e distribuzione (-1,1%), influenzato soprattutto dalle componenti legate al trasporto. Gli oneri generali, invece, restano stabili. Su entrambi incide, come detto, l\u2019impatto dell\u2019 emergenza da Covid-19 che ha provocato, a monte, una forte riduzione della domanda globale di commodity energetiche, a cominciare dal petrolio, anche per effetto delle misure stringenti adottate dalla maggior dei paesi per fronteggiare la pandemia.<\/p>\n<p><strong>Il fondo Covid sale a 1,5 miliardi<\/strong><br \/>\nViene poi aumentata fino a 1,5 miliardi (rispetto al miliardo attuale), la disponibilit\u00e0 massima del conto ad hoc istituito presso la Cassa per i servizi energetici e ambientali per l\u2019emergenza Covid-19, per garantire la sostenibilit\u00e0 degli attuali e futuri interventi regolatori a favore dell\u2019intera filiera energetica dell\u2019energia elettrica e del gas, con beneficio in ultima analisi per consumatori e utenti.<\/p>\n<p>Articolo: <a href=\"https:\/\/www.ilsole24ore.com\/art\/bollette-meno-care-aprile-183percento-la-luce-e-135percento-il-gas-sale-15-miliardi-conto-covid-ADd2R6F\">ilsole24ore.com<\/a><\/p>\n","protected":false},"excerpt":{"rendered":"<p>Calano le bollette di luce e gas per gli utenti serviti in maggior tutela. Secondo il consueto aggiornamento fornito dall\u2019Autorit\u00e0 per l\u2019energia, le reti&#8230;<\/p>\n","protected":false},"author":2,"featured_media":5330,"comment_status":"open","ping_status":"open","sticky":false,"template":"","format":"standard","meta":{"_acf_changed":false,"footnotes":""},"categories":[44],"tags":[],"class_list":["post-5335","post","type-post","status-publish","format-standard","has-post-thumbnail","hentry","category-notizie"],"acf":[],"_links":{"self":[{"href":"https:\/\/cabtutela.it\/ita\/wp-json\/wp\/v2\/posts\/5335","targetHints":{"allow":["GET"]}}],"collection":[{"href":"https:\/\/cabtutela.it\/ita\/wp-json\/wp\/v2\/posts"}],"about":[{"href":"https:\/\/cabtutela.it\/ita\/wp-json\/wp\/v2\/types\/post"}],"author":[{"embeddable":true,"href":"https:\/\/cabtutela.it\/ita\/wp-json\/wp\/v2\/users\/2"}],"replies":[{"embeddable":true,"href":"https:\/\/cabtutela.it\/ita\/wp-json\/wp\/v2\/comments?post=5335"}],"version-history":[{"count":0,"href":"https:\/\/cabtutela.it\/ita\/wp-json\/wp\/v2\/posts\/5335\/revisions"}],"wp:featuredmedia":[{"embeddable":true,"href":"https:\/\/cabtutela.it\/ita\/wp-json\/wp\/v2\/media\/5330"}],"wp:attachment":[{"href":"https:\/\/cabtutela.it\/ita\/wp-json\/wp\/v2\/media?parent=5335"}],"wp:term":[{"taxonomy":"category","embeddable":true,"href":"https:\/\/cabtutela.it\/ita\/wp-json\/wp\/v2\/categories?post=5335"},{"taxonomy":"post_tag","embeddable":true,"href":"https:\/\/cabtutela.it\/ita\/wp-json\/wp\/v2\/tags?post=5335"}],"curies":[{"name":"wp","href":"https:\/\/api.w.org\/{rel}","templated":true}]}}