{"id":5229,"date":"2019-09-17T08:30:54","date_gmt":"2019-09-17T06:30:54","guid":{"rendered":"https:\/\/cabtutela.it\/?p=5229"},"modified":"2019-09-17T08:30:54","modified_gmt":"2019-09-17T06:30:54","slug":"patente-di-guida-a-costi-salatissimi-ecco-perche-per-i-neopatentati-sara-un-salasso","status":"publish","type":"post","link":"https:\/\/cabtutela.it\/ita\/patente-di-guida-a-costi-salatissimi-ecco-perche-per-i-neopatentati-sara-un-salasso\/","title":{"rendered":"Patente di guida a costi salatissimi, ecco perch\u00e9 per i neopatentati sar\u00e0 un salasso"},"content":{"rendered":"<p style=\"text-align: justify;\">Una sentenza della Corte di Giustizia UE sta creando scompiglio e apprensione tra le migliaia di autoscuole italiane, e non solo. Su richiesta di chiarimento dell\u2019amministrazione finanziaria tedesca, i giudici europei hanno stabilito che le lezioni di scuola guida non rientrano tra \u201cl\u2019insegnamento scolastico e universitario\u201d esente dal pagamento dell\u2019IVA. Pertanto, su di esse dovranno applicarsi le aliquote ordinarie, che nel caso dell\u2019Italia corrisponde a una stangata del 22%.<\/p>\n<div id=\"C_1\" class=\"io_adv v3\" style=\"text-align: justify;\" data-google-query-id=\"CLGmt-WV1-QCFVkFiwod5AAB-w\">\n<div id=\"google_ads_iframe_\/21832376849\/HM_InvestireOggi\/HM_InvestireOggi_C_1_0__container__\">Non \u00e8 tutto, perch\u00e9 per un\u2019interpretazione rigida della sentenza, l\u2019Agenzia delle Entrate sar\u00e0 costretta a chiedere alle scuole guida anche gli arretrati sulle patenti rilasciate dall\u20191 gennaio 2015.<\/div>\n<\/div>\n<p style=\"text-align: justify;\">La retroattivit\u00e0 della mancata esenzione costituisce la principale preoccupazione per i titolari delle scuole. Come si potr\u00e0 realisticamente provvedere al pagamento di cifre per complessive centinaia di milioni di euro, tenuto conto che nel frattempo risulterebbero essere state conseguite 3,8 milioni di patenti? Le scuole guida avrebbero tre alternative: contattare tutti i clienti di questi anni e sollecitare loro il pagamento dell\u2019IVA al 22%; pagare di tasca propria; chiudere. E per molti sarebbe quest\u2019ultimo lo scenario pi\u00f9 realistico. Chi mai pu\u00f2 pensare, infatti, che centinaia o migliaia di persone possano essere contattate agevolmente e magari convinte a sborsare qualche centinaio di euro? E come si pu\u00f2 anche solo ipotizzare che tali scuole si accollino i suddetti costi a carico dei clienti, che ammonterebbero anche a decine di migliaia di euro per ciascuna di essa?<\/p>\n<h3 style=\"text-align: justify;\">Rischio salasso per neopatentati<\/h3>\n<p style=\"text-align: justify;\">Nell\u2019impossibilit\u00e0 pratica di riscuotere il dovuto, se non parzialmente e magari da parte dei neopatentati pi\u00f9 freschi e facili da contattare, verosimile ipotizzare che le autoscuole si rifaranno scaricando i costi extra sui futuri neopatentati. In pratica, questi saranno chiamati a pagare non solo l\u2019IVA al 22% non prevista fino a qualche giorno fa, ma ad accollarsi di fatto anche i maggiori costi sostenuti dalle scuole e relativi alle vecchie patenti rilasciate. Anche solo il sogno di un\u2019auto rischia di diventare un lusso, quando gi\u00e0 oggi tra caro-carburante, bollo, assicurazione, costo di acquisto, manutenzione e revisione, ogni anno si spende parte consistente del proprio reddito per il \u201clusso\u201d di guidare.<\/p>\n<div id=\"C_2\" class=\"io_adv\" data-google-query-id=\"CPuCvIaW1-QCFVqC3godjKkIyQ\">\n<div id=\"google_ads_iframe_\/21832376849\/HM_InvestireOggi\/HM_InvestireOggi_C_2_0__container__\" style=\"text-align: justify;\">Il governo giallorosso appena insediatosi effettivamente non c\u2019entra nulla con la sentenza europea, ma appare stucchevole che non stia intervenendo con apposito decreto per sospendere transitoriamente i pagamenti retroattivi, almeno per il tempo di fare mente locale su come superare le criticit\u00e0 lamentate giustamente dagli operatori del settore. La verit\u00e0 \u00e8 che, per quanto risibili sul piano macro, le entrate extra derivanti dalla stangata inattesa fanno comodo e convogliano in quel calderone del gettito fiscale, dal quale si attinge per ottemperare all\u2019infinita lista della spesa. Speriamo che la palese iniquit\u00e0 e la gravit\u00e0 della situazione inducano il legislatore ad adottare i provvedimenti idonei ad evitare che le autoscuole falliscano in massa e che i ragazzi debbano dissanguarsi per prendere la patente, tenuto conto che generalmente parliamo di studenti e inoccupati, persone con scarse disponibilit\u00e0 finanziarie proprie, dipendendo essenzialmente dalle famiglie.<\/div>\n<\/div>\n<div><\/div>\n<div>Foto e Articolo a cura di: <a href=\"https:\/\/www.investireoggi.it\/economia\/patente-di-guida-a-costi-salatissimi-ecco-perche-per-i-neopatentati-sara-un-salasso\/\">Investireoggi.it<\/a><\/div>\n","protected":false},"excerpt":{"rendered":"<p>Una sentenza della Corte di Giustizia UE sta creando scompiglio e apprensione tra le migliaia di autoscuole italiane, e non solo. Su richiesta di&#8230;<\/p>\n","protected":false},"author":1,"featured_media":0,"comment_status":"open","ping_status":"open","sticky":false,"template":"","format":"standard","meta":{"_acf_changed":false,"footnotes":""},"categories":[44],"tags":[57,60],"class_list":["post-5229","post","type-post","status-publish","format-standard","hentry","category-notizie","tag-aumento-iva","tag-patente"],"acf":[],"_links":{"self":[{"href":"https:\/\/cabtutela.it\/ita\/wp-json\/wp\/v2\/posts\/5229","targetHints":{"allow":["GET"]}}],"collection":[{"href":"https:\/\/cabtutela.it\/ita\/wp-json\/wp\/v2\/posts"}],"about":[{"href":"https:\/\/cabtutela.it\/ita\/wp-json\/wp\/v2\/types\/post"}],"author":[{"embeddable":true,"href":"https:\/\/cabtutela.it\/ita\/wp-json\/wp\/v2\/users\/1"}],"replies":[{"embeddable":true,"href":"https:\/\/cabtutela.it\/ita\/wp-json\/wp\/v2\/comments?post=5229"}],"version-history":[{"count":0,"href":"https:\/\/cabtutela.it\/ita\/wp-json\/wp\/v2\/posts\/5229\/revisions"}],"wp:attachment":[{"href":"https:\/\/cabtutela.it\/ita\/wp-json\/wp\/v2\/media?parent=5229"}],"wp:term":[{"taxonomy":"category","embeddable":true,"href":"https:\/\/cabtutela.it\/ita\/wp-json\/wp\/v2\/categories?post=5229"},{"taxonomy":"post_tag","embeddable":true,"href":"https:\/\/cabtutela.it\/ita\/wp-json\/wp\/v2\/tags?post=5229"}],"curies":[{"name":"wp","href":"https:\/\/api.w.org\/{rel}","templated":true}]}}